[{"@context":"https:\/\/schema.org\/","@type":"Article","@id":"https:\/\/www.sikovnykotlik.cz\/fotograf-ostrava\/#Article","mainEntityOfPage":"https:\/\/www.sikovnykotlik.cz\/fotograf-ostrava\/","headline":"Fotograf Ostrava","name":"Fotograf Ostrava","description":"Jste z Ostravy a sh\u00e1n\u00edte dobr\u00e9ho fotografa? V\u00edme o jednom, kter\u00fd jist\u011b nebude m\u00edt probl\u00e9m splnit va\u0161e p\u0159\u00e1n\u00ed. Pot\u0159ebujete nafotit svatbu? Ani n\u011bco takov\u00e9ho nebude pro dan\u00e9ho fotografa probl\u00e9m. Nev\u00e1hejte a nav\u0161tivte je\u0161t\u011b dnes webov\u00e9 str\u00e1nky fotografa, kter\u00fd v\u00e1m skute\u010dn\u011b... <a class=\"more-link\" href=\"https:\/\/www.sikovnykotlik.cz\/fotograf-ostrava\/\">Pokra\u010dovat ve \u010dten\u00ed &rarr;<\/a>","datePublished":"2021-06-21","dateModified":"2023-06-02","author":{"@type":"Person","@id":"https:\/\/www.sikovnykotlik.cz\/author\/#Person","name":"","url":"https:\/\/www.sikovnykotlik.cz\/author\/","identifier":1,"image":{"@type":"ImageObject","@id":"https:\/\/secure.gravatar.com\/avatar\/9cac53ffad5d6e0659d72eaf216400c165f8fbf396c79017c66698a8aa5be23d?s=96&d=mm&r=g","url":"https:\/\/secure.gravatar.com\/avatar\/9cac53ffad5d6e0659d72eaf216400c165f8fbf396c79017c66698a8aa5be23d?s=96&d=mm&r=g","height":96,"width":96}},"publisher":{"@type":"Organization","name":"sikovnykotlik.cz","logo":{"@type":"ImageObject","@id":"\/logo.png","url":"\/logo.png","width":600,"height":60}},"image":{"@type":"ImageObject","@id":"https:\/\/www.sikovnykotlik.cz\/wp-content\/uploads\/%C5%BEenich%20s%20nev%C4%9Bstou_1.PNG","url":"https:\/\/www.sikovnykotlik.cz\/wp-content\/uploads\/%C5%BEenich%20s%20nev%C4%9Bstou_1.PNG","height":0,"width":0},"url":"https:\/\/www.sikovnykotlik.cz\/fotograf-ostrava\/","about":["Business"],"wordCount":431,"articleBody":"Jste z Ostravy a sh\u00e1n\u00edte dobr\u00e9ho fotografa? V\u00edme o jednom, kter\u00fd jist\u011b nebude m\u00edt probl\u00e9m splnit va\u0161e p\u0159\u00e1n\u00ed.Pot\u0159ebujete nafotit svatbu? Ani n\u011bco takov\u00e9ho nebude pro dan\u00e9ho fotografa probl\u00e9m.Nev\u00e1hejte a nav\u0161tivte je\u0161t\u011b dnes webov\u00e9 str\u00e1nky fotografa, kter\u00fd v\u00e1m skute\u010dn\u011b m\u016f\u017ee ud\u011blat v\u00edce ne\u017e kr\u00e1sn\u00e9 fotky.\u010clov\u011bk by m\u011bl m\u00edt na co vzpom\u00ednat. Neud\u011bl\u00e1te chybu, pokud si nech\u00e1te va\u0161i svatbu nafotit Ostrava fotograf Vlcekjan.Pokud byste cht\u011bli, m\u016f\u017eete zav\u00edtat na str\u00e1nky tohoto \u0161ikovn\u00e9ho fotografa a pod\u00edvat se na fotogalerii, kterou na dan\u00fdch str\u00e1nk\u00e1ch velice snadno najdete.Mo\u017en\u00e1, \u017ee i v\u00e1m se budou fotografie, kter\u00e9 zde najdete, l\u00edbit tak, jako n\u00e1m.Tento pan fotograf je schopen i v\u00e1m podobn\u00e9 fotografie vytvo\u0159it.Pokud byste cht\u011bli, ur\u010dit\u011b m\u00e1te mo\u017enost jej kontaktovat a domluvit se, zda by n\u00e1hodou v dan\u00fd term\u00edn nem\u011bl volno. M\u016f\u017ee se klidn\u011b st\u00e1t, \u017ee volno m\u00edt bude a tak si jej budete moct zarezervovat.Nen\u00ed na \u0161kodu m\u00edt velmi p\u011bkn\u00e9 fotografie na pam\u00e1tku, jeliko\u017e v budoucnu budete moct na dan\u00fd den vzpom\u00ednat.Nev\u00e1hejte a za\u010dn\u011bte n\u011bco takov\u00e9ho \u0159e\u0161it co mo\u017en\u00e1 nejd\u0159\u00edve, jeliko\u017e s fotografy je opravdu lep\u0161\u00ed domluvit se del\u0161\u00ed dobu dop\u0159edu.M\u016f\u017ee se klidn\u011b st\u00e1t, \u017ee pokud nech\u00e1te n\u011bco takov\u00e9ho na posledn\u00ed chv\u00edli, budete m\u00edt opravdu velk\u00fd probl\u00e9m n\u011bkoho, kdo by va\u0161i svatbu mohl nafotit, sehnat.Jsou v\u011bci, kter\u00e9 je pot\u0159eba \u0159e\u0161it opravdu dop\u0159edu. M\u011bjte n\u011bco takov\u00e9ho na pam\u011bti.Svatba je ud\u00e1lost, kter\u00e1 by se nikdy nem\u011bla pl\u00e1novat a\u017e na posledn\u00ed chv\u00edli. Dop\u0159edu je pot\u0159eba domluvit celou \u0159adu v\u011bc\u00ed a na fotografa by se nem\u011blo zapomenout.V\u011b\u0159\u00edme, \u017ee budete opravdu spokojeni.M\u011bjte ty nejkr\u00e1sn\u011bj\u0161\u00ed fotografie, kter\u00e9 v\u00e1m jist\u011b budou mnoz\u00ed z\u00e1vid\u011bt.Pop\u0159em\u00fd\u0161lejte nad n\u011b\u010d\u00edm takov\u00fdm nejl\u00e9pe je\u0161t\u011b dnes.Na str\u00e1nk\u00e1ch pana fotografa najdete z\u00e1lo\u017eku kontakty, kde najdete telefonn\u00ed \u010d\u00edslo, na kter\u00e9 m\u016f\u017eete v p\u0159\u00edpad\u011b z\u00e1jmu zavolat.M\u00edt kvalitn\u00edho fotografa na sv\u00e9 svatb\u011b se skute\u010dn\u011b vyplat\u00ed.M\u011bjte i vy nejen kr\u00e1sn\u00e9, ale i kvalitn\u00ed fotky, kter\u00e9 toho mnoh\u00e9 vydr\u017e\u00ed.                                                                                                                                                                                                                                                                                                                                                                                         4\/5 - (5 votes)        "},{"@context":"https:\/\/schema.org\/","@type":"BreadcrumbList","itemListElement":[{"@type":"ListItem","position":1,"name":"Fotograf Ostrava","item":"https:\/\/www.sikovnykotlik.cz\/fotograf-ostrava\/#breadcrumbitem"}]}]